{"id":4240,"date":"2021-07-22T07:26:03","date_gmt":"2021-07-22T06:26:03","guid":{"rendered":"https:\/\/asteklima.bostnan.dev\/ihobek-urban-klima-2050-sektore-anitzen-arteko-lankidetza-egoitzapena-finantzatzeko-eta-beraren-etena-murrizteko-tailerra-antolatu-du\/"},"modified":"2021-09-16T13:28:13","modified_gmt":"2021-09-16T12:28:13","slug":"ihobek-urban-klima-2050-sektore-anitzen-arteko-lankidetza-egoitzapena-finantzatzeko-eta-beraren-etena-murrizteko-tailerra-antolatu-du","status":"publish","type":"post","link":"https:\/\/asteklima.bostnan.dev\/eu\/ihobek-urban-klima-2050-sektore-anitzen-arteko-lankidetza-egoitzapena-finantzatzeko-eta-beraren-etena-murrizteko-tailerra-antolatu-du\/","title":{"rendered":"Urban Klima 2050: agente anitzen arteko lankidetza egokitzapena Euskadin finantzatzeko"},"content":{"rendered":"<p>Formatu hibridoa: aurrez aurrekoa Bilboko Euskalduna Jauregian \/ eta online (streaming bidezko emisioa, aldez aurretik izena emanda)<\/p>\n<p>Urban Klima 2050: agente anitzen arteko lankidetza egokitzapena Euskadin finantzatzeko. Beraren helburua da lurraldearen erresilientzia bermatzea, maila anitzeko gobernantzaren ikuspegi batez, alderi interesatu ugari bilduz, eta klima-ekintza tokiz toki aplikatuz. Eskala handiko LIFE Proiektu Integratu hau 2019an abiatu zen, 20 erakunde bildu zituen elkarte bati eta 19,8 milioi euroko inbertsio bati esker (Europar Batasunak inbertsio horren % 52 finantzatu zuen). Proiektuaren bazkideek helburu handinahi bat ezarri dute, alegia, 40 ekintza gauzatzea 6 urtean, hiru arlo espezifikotan \u2013kostaldea, ibai-arroak, eta hiriak eta hiri-ingurumariak-, 2 milioi pertsonarengan baino gehiagorengan inpaktua izanik.<\/p>\n<p>El taller \u00abUrban Klima 2050: colaboraci\u00f3n multiagente para financiar la adaptaci\u00f3n en Euskadi\u00bb mostrar\u00e1 el compromiso vasco para cumplir con los objetivos del Acuerdo de Par\u00eds a trav\u00e9s del compromiso pol\u00edtico, la legislaci\u00f3n, las estrategias concretas, los medios financieros y la acci\u00f3n sobre el terreno, que implican a una gran variedad de actores que trabajan por la resiliencia del territorio, en contribuci\u00f3n a los Objetivos Globales para un planeta sostenible y saludable.<\/p>\n<p>Halaber, ekitaldiak eskualde-ikuspegia eta NBKAEHk gidatzen dituen prozesu eta kanpaina globalak ere konektatuko ditu, lurralde mailako inpaktu positibo bat oso urrunera iritsi daitekeela erakutsiz.<\/p>\n<p>Tailerra PreCOP26 Ekitaldi paralelo ofiziala da \u2013 All4Climate Italia 2021.<\/p>\n<p>Ingelesa-gaztelania aldibereko itzulpena egongo da.<\/p>\n<p>Izen-ematea <a href=\"https:\/\/forms.office.com\/pages\/responsepage.aspx?id=OByZKO7K4ECW9WclOpQ0ApDhZoiP7ltHg5y2LTAdavVUOERKRjBQQllCWFJOTkVNRDlQWjBITjBHSi4u\" target=\"_blank\" rel=\"noopener\">online formularioaren<\/a> bidez egin daiteke, hizkuntza aukeratuz.<\/p>\n<h3><strong>Egitaraua 2021\/09\/30<\/strong><\/h3>\n<h4>15:00<\/h4>\n<h5>Inaugurazioa \u2013 \u201cParisko Akordioa betetzea: lurralde-konpromiso bat egokitzapenaren etena finantzatzeko\u201d<\/h5>\n<p><b>Arantxa Tapia<\/b>, Ekonomiaren Garapen, Jasangarritasun eta Ingurumen sailburua, Eusko Jaurlaritza<br \/>\n<b>Christian Strasser<\/b>, Baliabide Natural, Klima, Ekonomia Urdin Jasangarri eta Energia Garbiaren Atalaren arduraduna, Europar Batzordeko LIFE Programa<br \/>\n<b>Gorka Urtaran<\/b>, Gasteizko alkatea, Green Capital 2012<\/p>\n<h4>15:15<\/h4>\n<h5>Mahai-ingurua \u2013 \u201cUrban KLIMA 2050: alderdi interesatu anitzen arteko lankidetza egokitze-ekintza eta jardunbide egokiak bultzatzeko\u201d<\/h5>\n<p><b>Alexander Boto<\/b>, Ihobe \u2013 Eusko Jaurlaritzako Ingurumen Jarduketarako Sozietate publikoaren zuzendari nagusia<br \/>\n<b>Eneko Goia<\/b>, Donostiako alkatea<br \/>\n<b>Mar\u00eda Jos\u00e9 Sanz<\/b>, BC3 \u2013 Klima-aldaketarako Euskal Zentroaren zuzendari zientifikoa<br \/>\n<b>Olatz Unamunzaga<\/b>. Saileko arduraduna. Baliabide Naturalen Kontserbazioa. Carlos Garbisu, director cient\u00edfico de Neiker \u2013 Instituto Vasco de Investigaci\u00f3n y Desarrollo Agrario<\/p>\n<h4>15:40<\/h4>\n<h5>Mahai-ingurua \u2013 \u201cTokian tokiko egokitzapena: lurralde-proiektu baten jardunbide egokiak eskala handian erakustea\u201d<\/h5>\n<p><b>Antonio Aiz<\/b>, URA \u2013 Uraren Euskal Agentziaren zuzendari nagusia<br \/>\n<b>Amets Jauregizar<\/b>, Bakioko alkatea<br \/>\n<b>Luis Pedrosa<\/b>, Energia eta Ingurumen zuzendaria, Tecnalia Research Innovation<\/p>\n<h4>16:00<\/h4>\n<h5>Mahai-ingurua \u2013 \u201cGure planetaren alde elkarrekin: maila anitzeko gobernantza eta lankidetza, egokitze-ekintzaren agenda inpaktu globalerantz gidatzeko\u201d<\/h5>\n<p><b>Gonzalo Mu\u00f1oz<\/b>, COP26rako Klimaren Goi Mailako enbaxadorea<br \/>\n<b>Saleemul Huq<\/b>, Zuzendaria, ICCAD &#8211; Klima Aldaketarako eta Garapenerako Nazioarteko Zentroa eta Race To Resilience-ko Munduko Mandataria<br \/>\n<b>Natalia Uribe<\/b>, Secretaria General de Regions4 \u2013 Red de gobiernos regionales para el desarrollo sostenible<br \/>\n<b>Holger Robrecht<\/b>, Director Europeo Adjunto, ICLEI \u2013 Gobiernos locales por la sostenibilidad<\/p>\n","protected":false},"excerpt":{"rendered":"<p>Formatu hibridoa: aurrez aurrekoa Bilboko Euskalduna Jauregian \/ eta online (streaming bidezko emisioa, aldez aurretik izena emanda) Urban Klima 2050: agente anitzen arteko lankidetza egokitzapena Euskadin finantzatzeko. Beraren helburua da lurraldearen erresilientzia bermatzea, maila anitzeko gobernantzaren ikuspegi batez, alderi interesatu ugari bilduz, eta klima-ekintza tokiz toki aplikatuz. Eskala handiko LIFE Proiektu Integratu hau 2019an abiatu [&hellip;]<\/p>\n","protected":false},"author":2,"featured_media":4237,"comment_status":"closed","ping_status":"closed","sticky":false,"template":"","format":"standard","meta":{"_acf_changed":false,"footnotes":""},"categories":[3],"tags":[],"class_list":["post-4240","post","type-post","status-publish","format-standard","has-post-thumbnail","hentry","category-uncategorized-eu"],"acf":[],"_links":{"self":[{"href":"https:\/\/asteklima.bostnan.dev\/eu\/wp-json\/wp\/v2\/posts\/4240"}],"collection":[{"href":"https:\/\/asteklima.bostnan.dev\/eu\/wp-json\/wp\/v2\/posts"}],"about":[{"href":"https:\/\/asteklima.bostnan.dev\/eu\/wp-json\/wp\/v2\/types\/post"}],"author":[{"embeddable":true,"href":"https:\/\/asteklima.bostnan.dev\/eu\/wp-json\/wp\/v2\/users\/2"}],"replies":[{"embeddable":true,"href":"https:\/\/asteklima.bostnan.dev\/eu\/wp-json\/wp\/v2\/comments?post=4240"}],"version-history":[{"count":0,"href":"https:\/\/asteklima.bostnan.dev\/eu\/wp-json\/wp\/v2\/posts\/4240\/revisions"}],"wp:featuredmedia":[{"embeddable":true,"href":"https:\/\/asteklima.bostnan.dev\/eu\/wp-json\/wp\/v2\/media\/4237"}],"wp:attachment":[{"href":"https:\/\/asteklima.bostnan.dev\/eu\/wp-json\/wp\/v2\/media?parent=4240"}],"wp:term":[{"taxonomy":"category","embeddable":true,"href":"https:\/\/asteklima.bostnan.dev\/eu\/wp-json\/wp\/v2\/categories?post=4240"},{"taxonomy":"post_tag","embeddable":true,"href":"https:\/\/asteklima.bostnan.dev\/eu\/wp-json\/wp\/v2\/tags?post=4240"}],"curies":[{"name":"wp","href":"https:\/\/api.w.org\/{rel}","templated":true}]}}