{"id":2937,"date":"2019-04-16T16:43:39","date_gmt":"2019-04-16T15:43:39","guid":{"rendered":"https:\/\/asteklima.bostnan.dev\/?p=2937"},"modified":"2020-03-06T12:04:34","modified_gmt":"2020-03-06T11:04:34","slug":"change-the-change-klima-aldaketari-buruzko-konferentziari-oso-ongi-eman-diote-partehartzaileek","status":"publish","type":"post","link":"https:\/\/asteklima.bostnan.dev\/eu\/change-the-change-klima-aldaketari-buruzko-konferentziari-oso-ongi-eman-diote-partehartzaileek\/","title":{"rendered":"Change the Change klima aldaketari buruzko Konferentziari oso ongi eman diote partehartzaileek"},"content":{"rendered":"\t\t<div data-elementor-type=\"wp-post\" data-elementor-id=\"2937\" class=\"elementor elementor-2937 elementor-2932\" data-elementor-post-type=\"post\">\n\t\t\t\t\t\t<section class=\"elementor-section elementor-top-section elementor-element elementor-element-1f48d8d elementor-section-boxed elementor-section-height-default elementor-section-height-default\" data-id=\"1f48d8d\" data-element_type=\"section\">\n\t\t\t\t\t\t<div class=\"elementor-container elementor-column-gap-default\">\n\t\t\t\t\t<div class=\"elementor-column elementor-col-100 elementor-top-column elementor-element elementor-element-d3d0348\" data-id=\"d3d0348\" data-element_type=\"column\">\n\t\t\t<div class=\"elementor-widget-wrap elementor-element-populated\">\n\t\t\t\t\t\t<div class=\"elementor-element elementor-element-263edb9 elementor-widget elementor-widget-text-editor\" data-id=\"263edb9\" data-element_type=\"widget\" data-widget_type=\"text-editor.default\">\n\t\t\t\t<div class=\"elementor-widget-container\">\n\t\t\t\t\t\t\t<p><strong>La Conferencia Internacional de Cambio Clim\u00e1tico\u00a0<em>Change the Change<\/em>, celebrada del 6 al 8 de marzo en Donostia\/San Sebasti\u00e1n reuni\u00f3 durante tres d\u00edas a 57 de los m\u00e1s reconocidos especialistas internacionales en materia de cambio clim\u00e1tico junto a 775 personas asistentes (aforo completo desde el d\u00eda 1 de marzo) y a otras 254 personas que siguieron la emisi\u00f3n del evento en\u00a0<em>streaming<\/em>. La valoraci\u00f3n de todas ellas ha sido muy positiva, otorgando un 8,1 de nota media al evento.<\/strong><\/p><p>Adem\u00e1s, el retorno econ\u00f3mico generado por\u00a0<a href=\"https:\/\/www.changethechange.eus\/es\/inicio\/\"><em>Change the Change<\/em><\/a>\u00a0se estima en 3,4 millones de euros, con un impacto directo en la ciudad de unos 600.000 euros en alojamientos, transporte, comercio y restauraci\u00f3n, y una valoraci\u00f3n de 2.813.000 euros en impactos medi\u00e1ticos. En este sentido, la Conferencia fue cubierta por 137 profesionales de 52 medios de comunicaci\u00f3n acreditados, incluidos corresponsales de medios extranjeros. Se han logrado impactos en medios de comunicaci\u00f3n de todo el mundo, de pa\u00edses como Francia, Portugal, Reino Unido, B\u00e9lgica, Italia, Alemania, Argentina, Per\u00fa o Chile, entre otros, situando en la agenda medi\u00e1tica la problem\u00e1tica del cambio clim\u00e1tico.<\/p><p class=\"Sumario\">Celebrada del 6 al 8 de marzo en San Sebasti\u00e1n, la Conferencia \u2018Change the Change\u2019 congreg\u00f3 a 57 de los mejores especialistas mundiales en cambio clim\u00e1tico y a 775 asistentes, que valoraron con un 8,1 el evento.<\/p><p>Los aspectos mejor valorados han sido la relevancia de los ponentes, los aspectos organizativos y los medios t\u00e9cnicos ofrecidos. Tres de cada cuatro participantes afirman que, en caso de celebrarse, asistir\u00edan a una segunda edici\u00f3n de\u00a0<em>Change the Change<\/em>.<\/p><p class=\"Sumario\">El retorno directo generado en la ciudad se estima en 600.000 euros y en casi 3 millones de euros la valoraci\u00f3n por impactos comunicativos logrados en medios y canales de todo el mundo.<\/p><p>Otro aspecto destacable ha sido la coordinaci\u00f3n interinstitucional que ha hecho posible la Conferencia, con la implicaci\u00f3n de los cuatro niveles administrativos: Ministerio para la Transici\u00f3n Ecol\u00f3gica, y los departamentos de Medio Ambiente del Gobierno Vasco, la Diputaci\u00f3n Foral de Gipuzkoa y el Ayuntamiento de Donostia\/San Sebasti\u00e1n.<\/p><p class=\"Ladillo\"><strong>ASTEKLIMA<\/strong><\/p><p>La Conferencia Internacional de Cambio Clim\u00e1tico\u00a0<em>Change the Change<\/em>\u00a0ha sido el acto central de la primera Semana de Euskadi de Cambio Clim\u00e1tico, denominada\u00a0<a href=\"https:\/\/www.changethechange.eus\/es\/asteklima\/\">ASTEKLIMA<\/a>, en el marco de la cual se organizaron cerca de un centenar de actividades para todos los p\u00fablicos en 49 municipios vascos.<\/p><p class=\"Sumario\">La Conferencia ha sido el acto central de la primera Semana del Cambio Clim\u00e1tico en Euskadi que, bajo el nombre ASTEKLIMA, moviliz\u00f3 a 49 municipios y casi un centenar de actividades.<\/p><p>Tanto la Conferencia\u00a0<em>Change the Change<\/em>\u00a0como la primera ASTEKLIMA ten\u00edan el objetivo de concienciar y poner el cambio clim\u00e1tico en el debate de la gente, as\u00ed como \u00a0movilizar a la ciudadan\u00eda hacia el compromiso personal con actuaciones concretas en sus h\u00e1bitos cotidianos, con la premisa de que toda acci\u00f3n, por peque\u00f1a que sea, cuenta.<\/p><p>\u00a0<\/p><p>\u00a0<\/p>\t\t\t\t\t\t<\/div>\n\t\t\t\t<\/div>\n\t\t\t\t\t<\/div>\n\t\t<\/div>\n\t\t\t\t\t<\/div>\n\t\t<\/section>\n\t\t\t\t<\/div>\n\t\t","protected":false},"excerpt":{"rendered":"<p>Martxoaren 6tik 8ra Donostian egindako\u00a0Change the Change\u00a0Klima Aldaketari buruzko Nazioarteko Konferentziak, hiru egunez, nazioarteko aditu ospetsuenetako 57 bildu zituen, bertaratu ziren 775 pertsonekin batera (plaza guztiak hartuta zeuden martxoaren 1az geroztik). Horrez gain, 254 pertsonak\u00a0streaming bidez jarraitu zuten ekitaldiaren emanaldia. Pertsona horien guztien balorazioa oso positiboa izan da, ekitaldiari 8,1eko nota eman baitiote, batez beste. [&hellip;]<\/p>\n","protected":false},"author":2,"featured_media":2934,"comment_status":"closed","ping_status":"closed","sticky":false,"template":"","format":"standard","meta":{"_acf_changed":false,"footnotes":""},"categories":[3],"tags":[],"class_list":["post-2937","post","type-post","status-publish","format-standard","has-post-thumbnail","hentry","category-uncategorized-eu"],"acf":[],"_links":{"self":[{"href":"https:\/\/asteklima.bostnan.dev\/eu\/wp-json\/wp\/v2\/posts\/2937"}],"collection":[{"href":"https:\/\/asteklima.bostnan.dev\/eu\/wp-json\/wp\/v2\/posts"}],"about":[{"href":"https:\/\/asteklima.bostnan.dev\/eu\/wp-json\/wp\/v2\/types\/post"}],"author":[{"embeddable":true,"href":"https:\/\/asteklima.bostnan.dev\/eu\/wp-json\/wp\/v2\/users\/2"}],"replies":[{"embeddable":true,"href":"https:\/\/asteklima.bostnan.dev\/eu\/wp-json\/wp\/v2\/comments?post=2937"}],"version-history":[{"count":0,"href":"https:\/\/asteklima.bostnan.dev\/eu\/wp-json\/wp\/v2\/posts\/2937\/revisions"}],"wp:featuredmedia":[{"embeddable":true,"href":"https:\/\/asteklima.bostnan.dev\/eu\/wp-json\/wp\/v2\/media\/2934"}],"wp:attachment":[{"href":"https:\/\/asteklima.bostnan.dev\/eu\/wp-json\/wp\/v2\/media?parent=2937"}],"wp:term":[{"taxonomy":"category","embeddable":true,"href":"https:\/\/asteklima.bostnan.dev\/eu\/wp-json\/wp\/v2\/categories?post=2937"},{"taxonomy":"post_tag","embeddable":true,"href":"https:\/\/asteklima.bostnan.dev\/eu\/wp-json\/wp\/v2\/tags?post=2937"}],"curies":[{"name":"wp","href":"https:\/\/api.w.org\/{rel}","templated":true}]}}